{"id":1035,"date":"2013-12-20T14:47:28","date_gmt":"2013-12-20T13:47:28","guid":{"rendered":"http:\/\/www.haute-normandie-decroissance.fr\/?p=1035"},"modified":"2014-01-22T21:10:59","modified_gmt":"2014-01-22T20:10:59","slug":"atomes-fourchus-une-conference-gesticulee-de-yohann-charvel","status":"publish","type":"post","link":"http:\/\/www.haute-normandie-decroissance.fr\/?p=1035","title":{"rendered":"\u00ab\u00a0Atomes fourchus\u00a0\u00bb, une conf\u00e9rence gesticul\u00e9e de Yohann Charvel"},"content":{"rendered":"<p style=\"text-align: left;\">Dans le cadre de la campagne municipale \u00ab\u00a0<em><a href=\"http:\/\/www.haute-normandie-decroissance.fr\/?p=1023\">2014, on y croit ! on d\u00e9croit ?<\/a><\/em>\u00ab\u00a0, le chOC (1) propose deux soir\u00e9es \u00ab\u00a0spectacle &#8211; caf\u00e9 d\u00e9bat\u00a0\u00bb :<\/p>\n<p style=\"text-align: center;\"><strong><span style=\"color: #ff6600;\">ATOMES FOURCHUS &#8211; conf\u00e9rence gesticul\u00e9e<\/span><\/strong><br \/>\n<strong>vendredi 17 et samedi 18 janvier \u00e0 20h30 &#8211;<a href=\"http:\/\/www.lepoulailler-lehavre.fr\/\"> au Poulailler<\/a> !<\/strong><\/p>\n<p style=\"text-align: left;\">En 2010, l\u2019\u00e9crivain Johann Charvel s\u2019installe \u00e0 la campagne en croyant y avoir trouv\u00e9 un refuge de paix et de s\u00e9r\u00e9nit\u00e9. Apr\u00e8s la catastrophe de Fukushima, il (re)d\u00e9couvre qu\u2019il habite \u00e0 30 km d\u2019une centrale et ne sait pas s\u2019il doit s\u2019en inqui\u00e9ter. ATOMES FOURCHUS, c\u2019est donc l\u2019histoire d\u2019un homme qui \u00e9tudie la question du nucl\u00e9aire, lui qui n\u2019\u00e9tait \u00a0\u00bb ni pour, ni contre, bien au contraire \u00ab\u00a0, et qui va aller de d\u00e9couvertes en surprises\u2026<br \/>\nLa conf\u00e9rence propose une d\u00e9sexpertisation de la question en offrant des rep\u00e8res simples. Si elle aborde des sujets s\u00e9rieux, elle ne l\u2019est pas forc\u00e9ment.<\/p>\n<p style=\"text-align: center;\"><a href=\"http:\/\/www.haute-normandie-decroissance.fr\/wp-content\/uploads\/ATOMESfOURCHUS.jpg\"><img loading=\"lazy\" decoding=\"async\" class=\"aligncenter\" alt=\"\" src=\"http:\/\/www.haute-normandie-decroissance.fr\/wp-content\/uploads\/ATOMESfOURCHUS.jpg\" width=\"587\" height=\"823\" \/><\/a><a href=\"http:\/\/decroissance.lehavre.free.fr\/municipales\/ATOMESfOURCHUS_kit.pdf\">L&rsquo;affiche en pdf \u00e0 faire circuler<\/a><\/p>\n<p style=\"text-align: left;\">Une conf\u00e9rence gesticul\u00e9e, c\u2019est un savoureux m\u00e9lange entre histoire personnelle, humour et connaissances scientifiques, dans la droite ligne de l\u2019\u00e9ducation populaire.<\/p>\n<p style=\"text-align: center;\">Dur\u00e9e 1h15. La repr\u00e9sentation sera suivi d&rsquo;un temps d&rsquo;\u00e9change convivial. (ouverture des portes \u00e0 20h)<br \/>\nTarif unique: 5\u20ac<br \/>\nR\u00e9servations au 02.35.43.32.10 ou sur <a href=\"http:\/\/www.lepoulailler-lehavre.fr\/\">http:\/\/www.lepoulailler-lehavre.fr\/<\/a><br \/>\nLe Poulailler, 7bis rue du G\u00e9n\u00e9ral Sarrail, le Havre<\/p>\n","protected":false},"excerpt":{"rendered":"<p>Dans le cadre de la campagne municipale \u00ab\u00a02014, on y croit ! on d\u00e9croit ?\u00ab\u00a0, le chOC (1) propose deux soir\u00e9es \u00ab\u00a0spectacle &#8211; caf\u00e9 d\u00e9bat\u00a0\u00bb : ATOMES FOURCHUS &#8211; conf\u00e9rence gesticul\u00e9e vendredi 17 et samedi 18 janvier \u00e0 20h30 &#8211; &hellip; <a href=\"http:\/\/www.haute-normandie-decroissance.fr\/?p=1035\">Continuer la lecture <span class=\"meta-nav\">&rarr;<\/span><\/a><\/p>\n","protected":false},"author":3,"featured_media":0,"comment_status":"open","ping_status":"open","sticky":false,"template":"","format":"standard","meta":{"_monsterinsights_skip_tracking":false,"_monsterinsights_sitenote_active":false,"_monsterinsights_sitenote_note":"","_monsterinsights_sitenote_category":0,"footnotes":""},"categories":[16,11,6],"tags":[],"class_list":["post-1035","post","type-post","status-publish","format-standard","hentry","category-environnement","category-visibilite","category-agenda"],"_links":{"self":[{"href":"http:\/\/www.haute-normandie-decroissance.fr\/index.php?rest_route=\/wp\/v2\/posts\/1035","targetHints":{"allow":["GET"]}}],"collection":[{"href":"http:\/\/www.haute-normandie-decroissance.fr\/index.php?rest_route=\/wp\/v2\/posts"}],"about":[{"href":"http:\/\/www.haute-normandie-decroissance.fr\/index.php?rest_route=\/wp\/v2\/types\/post"}],"author":[{"embeddable":true,"href":"http:\/\/www.haute-normandie-decroissance.fr\/index.php?rest_route=\/wp\/v2\/users\/3"}],"replies":[{"embeddable":true,"href":"http:\/\/www.haute-normandie-decroissance.fr\/index.php?rest_route=%2Fwp%2Fv2%2Fcomments&post=1035"}],"version-history":[{"count":8,"href":"http:\/\/www.haute-normandie-decroissance.fr\/index.php?rest_route=\/wp\/v2\/posts\/1035\/revisions"}],"predecessor-version":[{"id":1037,"href":"http:\/\/www.haute-normandie-decroissance.fr\/index.php?rest_route=\/wp\/v2\/posts\/1035\/revisions\/1037"}],"wp:attachment":[{"href":"http:\/\/www.haute-normandie-decroissance.fr\/index.php?rest_route=%2Fwp%2Fv2%2Fmedia&parent=1035"}],"wp:term":[{"taxonomy":"category","embeddable":true,"href":"http:\/\/www.haute-normandie-decroissance.fr\/index.php?rest_route=%2Fwp%2Fv2%2Fcategories&post=1035"},{"taxonomy":"post_tag","embeddable":true,"href":"http:\/\/www.haute-normandie-decroissance.fr\/index.php?rest_route=%2Fwp%2Fv2%2Ftags&post=1035"}],"curies":[{"name":"wp","href":"https:\/\/api.w.org\/{rel}","templated":true}]}}