{"id":1231,"date":"2014-06-27T15:05:16","date_gmt":"2014-06-27T13:05:16","guid":{"rendered":"http:\/\/www.haute-normandie-decroissance.fr\/?p=1231"},"modified":"2014-10-29T10:52:38","modified_gmt":"2014-10-29T09:52:38","slug":"fete-de-la-musique-pas-les-magasins","status":"publish","type":"post","link":"http:\/\/www.haute-normandie-decroissance.fr\/?p=1231","title":{"rendered":"F\u00eate de la musique, pas les magasins"},"content":{"rendered":"<p style=\"text-align: center;\"><strong>Compte-rendu en images de l&rsquo;action antipub du 21 juin 2014 au Havre<\/strong><\/p>\n<p><img decoding=\"async\" class=\"aligncenter\" src=\"http:\/\/decroissance.lehavre.free.fr\/collectif\/2014-06-21-15.41.08.jpg\" alt=\"\" width=\"600\" \/><\/p>\n<p style=\"text-align: center;\"><strong><span style=\"color: #ff6600;\">Panneaux du centre ville d\u00e9cor\u00e9s pour toute la soir\u00e9e de la f\u00eate de la musique &#8230; et durant le reste du weekend<\/span><br \/>\n<\/strong><\/p>\n<p><img decoding=\"async\" class=\"aligncenter\" src=\"http:\/\/decroissance.lehavre.free.fr\/collectif\/2014-06-21-16.32.13.jpg\" alt=\"\" width=\"600\" \/><!--more--><br \/>\n<img decoding=\"async\" class=\"aligncenter\" src=\"http:\/\/decroissance.lehavre.free.fr\/collectif\/2014-06-21-16.02.23.jpg\" alt=\"\" width=\"600\" \/><br \/>\n<img decoding=\"async\" class=\"aligncenter\" src=\"http:\/\/decroissance.lehavre.free.fr\/collectif\/2014-06-21-16.13.02.jpg\" alt=\"\" width=\"600\" \/><br \/>\n<a href=\"http:\/\/decroissance.lehavre.free.fr\/collectif\/stop_pub.pdf\"><img decoding=\"async\" class=\"aligncenter\" src=\"http:\/\/decroissance.lehavre.free.fr\/collectif\/stop-pub.jpg\" alt=\"\" width=\"600\" \/><\/a><\/p>\n<p style=\"text-align: center;\"><span style=\"color: #ff6600;\"><strong>le document coll\u00e9 sur les panneaux et distribu\u00e9 aux passants<br \/>\n(cliquez sur l&rsquo;image pour t\u00e9l\u00e9charger)<br \/>\n<\/strong><\/span><\/p>\n<p><img decoding=\"async\" class=\"aligncenter\" src=\"http:\/\/decroissance.lehavre.free.fr\/collectif\/2014-06-21-15.58.02.jpg\" alt=\"\" width=\"600\" \/><br \/>\n<img decoding=\"async\" class=\"aligncenter\" src=\"http:\/\/decroissance.lehavre.free.fr\/collectif\/2014-06-21-16.53.39.jpg\" alt=\"\" width=\"600\" \/><br \/>\n<img decoding=\"async\" class=\"aligncenter\" src=\"http:\/\/decroissance.lehavre.free.fr\/collectif\/2014-06-21-16.42.51.jpg\" alt=\"\" width=\"600\" \/><br \/>\n<img decoding=\"async\" class=\"aligncenter\" src=\"http:\/\/decroissance.lehavre.free.fr\/collectif\/2014-06-21-17.01.38.jpg\" alt=\"\" width=\"600\" \/><\/p>\n<p style=\"text-align: center;\"><span style=\"color: #ff6600;\"><strong>La pub fait d\u00e9pen &#8230; quoi ?<\/strong><\/span><\/p>\n<p>L&rsquo;action anti-pub de samedi dernier a \u00e9t\u00e9 une tr\u00e8s belle r\u00e9ussite. Une ambiance sereine et paisible, \u00e0 d\u00e9ambuler en ville, sous les regards bienveillants des passants. Nous avions nos nez rouges et le gilet jaune pour d\u00e9dramatiser. De plus, nous distribuons et collions le tract \u00ab\u00a0<a href=\"http:\/\/decroissance.lehavre.free.fr\/collectif\/stop-pub.jpg\">stop la pub<\/a>\u00ab\u00a0, pour ne pas donner l&rsquo;impression d&rsquo;une action clandestine.<\/p>\n<p>L&rsquo;action a dur\u00e9e deux heures. Nous sommes partis de la place Perret, pour faire le tour de la place de l&rsquo;Hotel ville, puis nous avons emprunt\u00e9 la rue Coty, en fr\u00f4lant le centre commercial, pour finir au Rond Point. Je n&rsquo;ai pas compt\u00e9, mais je dirait que nous avons barbouill\u00e9 20 panneaux. Peut-\u00eatre les avez-vous vus ce weekend ? Dimanche, ils n&rsquo;\u00e9taient pas encore effac\u00e9s<\/p>\n<p>En rentrant \u00e0 Danton o\u00f9 nous avons partag\u00e9 un verre, nous avons rencontr\u00e9 un grand et haut panneau (cours de la r\u00e9publique) que nous n&rsquo;avons pu barbouill\u00e9 qu&rsquo;en bas. J&rsquo;ai mal g\u00e9r\u00e9 l&rsquo;espace : alors \u00ab\u00a0la pub fait d\u00e9-penser\u00a0\u00bb s&rsquo;est transform\u00e9 en \u00ab\u00a0la pub fait chier\u00a0\u00bb. C&rsquo;est plus court et direct, et \u00e7a n&rsquo;a pas d\u00e9plu \u00e0 un automobiliste qui a klaxonn\u00e9 de joie.<\/p>\n<p>D&rsquo;autres r\u00e9actions spontan\u00e9es on fait plaisir \u00e0 entendre.<\/p>\n","protected":false},"excerpt":{"rendered":"<p>Compte-rendu en images de l&rsquo;action antipub du 21 juin 2014 au Havre Panneaux du centre ville d\u00e9cor\u00e9s pour toute la soir\u00e9e de la f\u00eate de la musique &#8230; et durant le reste du weekend<\/p>\n","protected":false},"author":3,"featured_media":0,"comment_status":"open","ping_status":"open","sticky":false,"template":"","format":"standard","meta":{"_monsterinsights_skip_tracking":false,"_monsterinsights_sitenote_active":false,"_monsterinsights_sitenote_note":"","_monsterinsights_sitenote_category":0,"footnotes":""},"categories":[7],"tags":[],"class_list":["post-1231","post","type-post","status-publish","format-standard","hentry","category-actu"],"_links":{"self":[{"href":"http:\/\/www.haute-normandie-decroissance.fr\/index.php?rest_route=\/wp\/v2\/posts\/1231","targetHints":{"allow":["GET"]}}],"collection":[{"href":"http:\/\/www.haute-normandie-decroissance.fr\/index.php?rest_route=\/wp\/v2\/posts"}],"about":[{"href":"http:\/\/www.haute-normandie-decroissance.fr\/index.php?rest_route=\/wp\/v2\/types\/post"}],"author":[{"embeddable":true,"href":"http:\/\/www.haute-normandie-decroissance.fr\/index.php?rest_route=\/wp\/v2\/users\/3"}],"replies":[{"embeddable":true,"href":"http:\/\/www.haute-normandie-decroissance.fr\/index.php?rest_route=%2Fwp%2Fv2%2Fcomments&post=1231"}],"version-history":[{"count":7,"href":"http:\/\/www.haute-normandie-decroissance.fr\/index.php?rest_route=\/wp\/v2\/posts\/1231\/revisions"}],"predecessor-version":[{"id":1238,"href":"http:\/\/www.haute-normandie-decroissance.fr\/index.php?rest_route=\/wp\/v2\/posts\/1231\/revisions\/1238"}],"wp:attachment":[{"href":"http:\/\/www.haute-normandie-decroissance.fr\/index.php?rest_route=%2Fwp%2Fv2%2Fmedia&parent=1231"}],"wp:term":[{"taxonomy":"category","embeddable":true,"href":"http:\/\/www.haute-normandie-decroissance.fr\/index.php?rest_route=%2Fwp%2Fv2%2Fcategories&post=1231"},{"taxonomy":"post_tag","embeddable":true,"href":"http:\/\/www.haute-normandie-decroissance.fr\/index.php?rest_route=%2Fwp%2Fv2%2Ftags&post=1231"}],"curies":[{"name":"wp","href":"https:\/\/api.w.org\/{rel}","templated":true}]}}