{"id":1446,"date":"2015-12-01T19:53:02","date_gmt":"2015-12-01T18:53:02","guid":{"rendered":"http:\/\/www.haute-normandie-decroissance.fr\/?p=1446"},"modified":"2015-12-01T19:53:02","modified_gmt":"2015-12-01T18:53:02","slug":"nous-ne-voulons-pas-etre-quen-terrasse","status":"publish","type":"post","link":"http:\/\/www.haute-normandie-decroissance.fr\/?p=1446","title":{"rendered":"Nous ne voulons pas \u00eatre qu&rsquo;en terrasse"},"content":{"rendered":"<p><strong>Aujourd&rsquo;hui, nous ne voulons pas \u00eatre en terrasse<\/strong>, ni dans une salle de spectacle, ni dans un stade et encore moins dans les magasins. Non, aujourd&rsquo;hui, nous souhaitons \u00eatre dans la rue, manifester, avoir des id\u00e9es \u00e0 propos du climat, faire de la politique et exercer notre droit d&rsquo;\u00eatre citoyen. Nous voulons jouir de cette libert\u00e9 qui a \u00e9t\u00e9 bafou\u00e9e le 13 novembre, et qu&rsquo;on nous interdit au nom de ce m\u00eame 13 novembre. Apr\u00e8s que les manifestations li\u00e9es \u00e0 la COP21 aient \u00e9t\u00e9 interdites (1), puis violemment r\u00e9prim\u00e9e \u00e0 Paris (2), certains militants sont assign\u00e9s \u00e0 r\u00e9sidence comme peuvent l&rsquo;\u00eatre des terroristes (3).<\/p>\n<p style=\"text-align: center;\"><iframe loading=\"lazy\" src=\"https:\/\/player.vimeo.com\/video\/147303009\" width=\"500\" height=\"281\" frameborder=\"0\" allowfullscreen=\"allowfullscreen\"><\/iframe><br \/>\n<strong>RoboCOP21<\/strong><\/p>\n<p>Alors que nous avons besoin de plus de d\u00e9mocratie, de plus d&rsquo;\u00e9galit\u00e9, de plus d&rsquo;id\u00e9es pour faire \u00e9voluer nos soci\u00e9t\u00e9s, le gouvernement fait l&rsquo;inverse et stigmatise les opposants.<\/p>\n<p><strong>Est-ce possible que nos gouvernants n&rsquo;aient rien compris au ph\u00e9nom\u00e8ne Daesh au point de traiter des citoyens responsables comme des terroristes en puissance ? Bien s\u00fbr que non<\/strong>. Toutes les opportunit\u00e9s et toutes les \u00e9motions sont bonnes \u00e0 prendre pour lutter en toute impunit\u00e9 contre celles et ceux qui posent les bonnes questions ; ces ennemis int\u00e9rieurs, les plus \u00e0 m\u00eame de mettre en \u00e9vidence l&rsquo;hypocrisie de la conscience \u00e9cologique et sociale de l&rsquo;oligarchie (4) (5).<!--more--><\/p>\n<p><strong>Le gouvernement lance des appels affect\u00e9s \u00e0 c\u00e9l\u00e9brer les valeurs d&rsquo;un pays<\/strong> dont la devise est \u00ab\u00a0libert\u00e9, \u00e9galit\u00e9, fraternit\u00e9\u00a0\u00bb. Beaucoup de citoyens parlent de r\u00e9sistance, affirment qu&rsquo;ils n&rsquo;ont pas peur. Les m\u00e9dias parlent d&rsquo;une France debout et fi\u00e8re. Comme s&rsquo;il suffisait de s&rsquo;en remettre au drapeau bleu-blanc-rouge pour que les int\u00e9r\u00eats de toutes et tous, ici et ailleurs, aujourd&rsquo;hui et demain, soient pris en compte. Et bien, nous ne sommes pas d&rsquo;accord. \u00c7a ne suffit pas. Cette unit\u00e9 soi-disant retrouv\u00e9e est un faux semblant, et s&rsquo;apparente \u00e0 un cheval de Troie, car au final, l&rsquo;\u00e9tat d&rsquo;urgence appliqu\u00e9 ainsi fait reculer nos droits \u00e0 toutes et tous&#8230; et nous emp\u00eache de faire ce que nous devrions faire : de la politique ! (6)<\/p>\n<p><strong>Aujourd&rsquo;hui, il ne s&rsquo;agit plus seulement d&rsquo;\u00eatre en terrasse<\/strong>, il s&rsquo;agit d&rsquo;avoir des id\u00e9es et de pouvoir les exprimer pacifiquement dans la rue. La d\u00e9mocratie ne doit pas \u00eatre r\u00e9serv\u00e9e qu&rsquo;\u00e0 une pseudo-\u00e9lite dans les salons feutr\u00e9s de la COP21. Nous en sommes les acteurs l\u00e9gitimes. La d\u00e9mocratie doit se jouer partout, dans les commissions, dans les alternatives, dans la rue, et m\u00eame en terrasse.<!--more--><\/p>\n<p style=\"text-align: right;\"><strong>Collectif \u00ab\u00a0Nous sommes Parti-e-s Pour La D\u00e9croissance\u00a0\u00bb<\/strong><\/p>\n<p style=\"text-align: center;\"><a href=\"http:\/\/www.partipourladecroissance.net\/wp-content\/uploads\/2015\/11\/robocop21.jpg\"><img loading=\"lazy\" decoding=\"async\" class=\"alignleft size-full wp-image-9172\" src=\"http:\/\/www.partipourladecroissance.net\/wp-content\/uploads\/2015\/11\/robocop21.jpg\" alt=\"robocop21\" width=\"720\" height=\"475\" \/><\/a><\/p>\n<p>(1) <a href=\"http:\/\/www.liberation.fr\/france\/2015\/11\/29\/cop-21-malgre-l-interdiction-manifestation-tendue-en-cours-place-de-la-republique-a-paris_1417000\">http:\/\/www.liberation.fr\/france\/2015\/11\/29\/cop-21-malgre-l-interdiction-manifestation-tendue-en-cours-place-de-la-republique-a-paris_1417000<\/a><br \/>\n(2) <a href=\"http:\/\/www.reporterre.net\/La-police-a-parque-et-brutalise-des-manifestants-non-violents-a-Paris\">http:\/\/www.reporterre.net\/La-police-a-parque-et-brutalise-des-manifestants-non-violents-a-Paris<\/a><br \/>\n(3) <a href=\"http:\/\/www.politis.fr\/Des-militants-ecologistes-assignes,33193.html\">http:\/\/www.politis.fr\/Des-militants-ecologistes-assignes,33193.html<\/a><br \/>\n(4) <a href=\"http:\/\/www.reporterre.net\/Le-mouvement-ecologiste-nouvel\" target=\"_blank\">http:\/\/www.reporterre.net\/Le-mouvement-ecologiste-nouvel<\/a><br \/>\n(5) <a href=\"http:\/\/www.bastamag.net\/Il-faut-etre-clair-un-monde-a-pris-fin-il-n-y-aura-pas-de-retour-en-arriere\" target=\"_blank\">http:\/\/www.bastamag.net\/Il-faut-etre-clair-un-monde-a-pris-fin-il-n-y-aura-pas-de-retour-en-arriere<\/a><br \/>\n(6) <a href=\"http:\/\/www.projet-decroissance.net\/?p=1920\" target=\"_blank\">http:\/\/www.projet-decroissance.net\/?p=1920<\/a><\/p>\n","protected":false},"excerpt":{"rendered":"<p>Aujourd&rsquo;hui, nous ne voulons pas \u00eatre en terrasse, ni dans une salle de spectacle, ni dans un stade et encore moins dans les magasins. Non, aujourd&rsquo;hui, nous souhaitons \u00eatre dans la rue, manifester, avoir des id\u00e9es \u00e0 propos du climat, &hellip; <a href=\"http:\/\/www.haute-normandie-decroissance.fr\/?p=1446\">Continuer la lecture <span class=\"meta-nav\">&rarr;<\/span><\/a><\/p>\n","protected":false},"author":3,"featured_media":0,"comment_status":"open","ping_status":"open","sticky":false,"template":"","format":"standard","meta":{"_monsterinsights_skip_tracking":false,"_monsterinsights_sitenote_active":false,"_monsterinsights_sitenote_note":"","_monsterinsights_sitenote_category":0,"footnotes":""},"categories":[15,7],"tags":[],"class_list":["post-1446","post","type-post","status-publish","format-standard","hentry","category-sociale","category-actu"],"_links":{"self":[{"href":"http:\/\/www.haute-normandie-decroissance.fr\/index.php?rest_route=\/wp\/v2\/posts\/1446","targetHints":{"allow":["GET"]}}],"collection":[{"href":"http:\/\/www.haute-normandie-decroissance.fr\/index.php?rest_route=\/wp\/v2\/posts"}],"about":[{"href":"http:\/\/www.haute-normandie-decroissance.fr\/index.php?rest_route=\/wp\/v2\/types\/post"}],"author":[{"embeddable":true,"href":"http:\/\/www.haute-normandie-decroissance.fr\/index.php?rest_route=\/wp\/v2\/users\/3"}],"replies":[{"embeddable":true,"href":"http:\/\/www.haute-normandie-decroissance.fr\/index.php?rest_route=%2Fwp%2Fv2%2Fcomments&post=1446"}],"version-history":[{"count":1,"href":"http:\/\/www.haute-normandie-decroissance.fr\/index.php?rest_route=\/wp\/v2\/posts\/1446\/revisions"}],"predecessor-version":[{"id":1447,"href":"http:\/\/www.haute-normandie-decroissance.fr\/index.php?rest_route=\/wp\/v2\/posts\/1446\/revisions\/1447"}],"wp:attachment":[{"href":"http:\/\/www.haute-normandie-decroissance.fr\/index.php?rest_route=%2Fwp%2Fv2%2Fmedia&parent=1446"}],"wp:term":[{"taxonomy":"category","embeddable":true,"href":"http:\/\/www.haute-normandie-decroissance.fr\/index.php?rest_route=%2Fwp%2Fv2%2Fcategories&post=1446"},{"taxonomy":"post_tag","embeddable":true,"href":"http:\/\/www.haute-normandie-decroissance.fr\/index.php?rest_route=%2Fwp%2Fv2%2Ftags&post=1446"}],"curies":[{"name":"wp","href":"https:\/\/api.w.org\/{rel}","templated":true}]}}