{"id":1532,"date":"2017-03-23T19:52:50","date_gmt":"2017-03-23T18:52:50","guid":{"rendered":"http:\/\/www.haute-normandie-decroissance.fr\/?p=1532"},"modified":"2018-10-06T09:58:26","modified_gmt":"2018-10-06T07:58:26","slug":"linky-un-compteur-intelligent-vendredi-20-avril-a18h00-a-la-salle-des-fetes-dypreville-biville","status":"publish","type":"post","link":"http:\/\/www.haute-normandie-decroissance.fr\/?p=1532","title":{"rendered":"Linky, un compteur intelligent ? Vendredi 20 avril \u00e0 18h00 \u00e0 la salle des f\u00eates d&rsquo;Ypreville Biville"},"content":{"rendered":"<p><a href=\"http:\/\/www.haute-normandie-decroissance.fr\/wp-content\/uploads\/R\u00e9union-Linky.jpg\"><img loading=\"lazy\" decoding=\"async\" class=\"aligncenter size-large wp-image-1531\" src=\"http:\/\/www.haute-normandie-decroissance.fr\/wp-content\/uploads\/R\u00e9union-Linky-724x1024.jpg\" alt=\"\" width=\"724\" height=\"1024\" srcset=\"http:\/\/www.haute-normandie-decroissance.fr\/wp-content\/uploads\/R\u00e9union-Linky-724x1024.jpg 724w, http:\/\/www.haute-normandie-decroissance.fr\/wp-content\/uploads\/R\u00e9union-Linky-212x300.jpg 212w, http:\/\/www.haute-normandie-decroissance.fr\/wp-content\/uploads\/R\u00e9union-Linky-768x1087.jpg 768w, http:\/\/www.haute-normandie-decroissance.fr\/wp-content\/uploads\/R\u00e9union-Linky.jpg 826w\" sizes=\"auto, (max-width: 724px) 100vw, 724px\" \/><\/a><\/p>\n<p style=\"text-align: center;\"><b>Autres r\u00e9unions d&rsquo;informations organis\u00e9es en Seine-maritime :<\/b><\/p>\n<p><b>Mardi 27 mars 2018 \u00e0 20h00<\/b><br \/>\nSalle du Vivier (Centre de la Varenne apr\u00e8s la biblioth\u00e8que)<br \/>\n76680 SAINT-SA\u00cbNS<br \/>\n<a href=\"http:\/\/collectifstoplinkyrouenagglo.blogspot.fr\/\" target=\"_blank\" rel=\"noopener\" data-saferedirecturl=\"https:\/\/www.google.com\/url?hl=fr&amp;q=http:\/\/collectifstoplinkyrouenagglo.blogspot.fr\/&amp;source=gmail&amp;ust=1521917409754000&amp;usg=AFQjCNE_s6U3uh2J0OrVbNwv-5zzfcUzTA\">http:\/\/<wbr><\/wbr>collectifstoplinkyrouenagglo.<wbr><\/wbr>blogspot.fr\/<\/a><br \/>\n<a href=\"mailto:stoplinkyrouenagglo@yahoo.com\" target=\"_blank\" rel=\"noopener\">stoplinkyrouenagglo@yahoo.com<\/a><\/p>\n<p><b>Jeudi 19 avril 2018 \u00e0 20h<\/b><br \/>\n\u00e0 la Salle des F\u00eates, rue des Perets 76240 Mesnil-Esnard<br \/>\navec le Collectif Stop linky 76-27.<br \/>\n<a href=\"mailto:stoplinky-76-27@laposte.net\" target=\"_blank\" rel=\"noopener\">stoplinky-76-27@laposte.net<\/a><\/p>\n<p><b>Mercredi 20 avril 2018 \u00e0 18h30<\/b><br \/>\n\u00e0 la Salle des F\u00eates 76540 Ypreville-Biville<br \/>\navec le Collectif Stop Linky de la Pointe de Caux.<br \/>\n<a href=\"mailto:stoplinkynormandie@gmail.com\" target=\"_blank\" rel=\"noopener\">stoplinkynormandie@gmail.com<\/a><\/p>\n<p>Merci de partager l&rsquo;information !<\/p>\n","protected":false},"excerpt":{"rendered":"<p>Autres r\u00e9unions d&rsquo;informations organis\u00e9es en Seine-maritime : Mardi 27 mars 2018 \u00e0 20h00 Salle du Vivier (Centre de la Varenne apr\u00e8s la biblioth\u00e8que) 76680 SAINT-SA\u00cbNS http:\/\/collectifstoplinkyrouenagglo.blogspot.fr\/ stoplinkyrouenagglo@yahoo.com Jeudi 19 avril 2018 \u00e0 20h \u00e0 la Salle des F\u00eates, rue des &hellip; <a href=\"http:\/\/www.haute-normandie-decroissance.fr\/?p=1532\">Continuer la lecture <span class=\"meta-nav\">&rarr;<\/span><\/a><\/p>\n","protected":false},"author":3,"featured_media":0,"comment_status":"open","ping_status":"open","sticky":false,"template":"","format":"standard","meta":{"_monsterinsights_skip_tracking":false,"_monsterinsights_sitenote_active":false,"_monsterinsights_sitenote_note":"","_monsterinsights_sitenote_category":0,"footnotes":""},"categories":[7,6],"tags":[],"class_list":["post-1532","post","type-post","status-publish","format-standard","hentry","category-actu","category-agenda"],"_links":{"self":[{"href":"http:\/\/www.haute-normandie-decroissance.fr\/index.php?rest_route=\/wp\/v2\/posts\/1532","targetHints":{"allow":["GET"]}}],"collection":[{"href":"http:\/\/www.haute-normandie-decroissance.fr\/index.php?rest_route=\/wp\/v2\/posts"}],"about":[{"href":"http:\/\/www.haute-normandie-decroissance.fr\/index.php?rest_route=\/wp\/v2\/types\/post"}],"author":[{"embeddable":true,"href":"http:\/\/www.haute-normandie-decroissance.fr\/index.php?rest_route=\/wp\/v2\/users\/3"}],"replies":[{"embeddable":true,"href":"http:\/\/www.haute-normandie-decroissance.fr\/index.php?rest_route=%2Fwp%2Fv2%2Fcomments&post=1532"}],"version-history":[{"count":2,"href":"http:\/\/www.haute-normandie-decroissance.fr\/index.php?rest_route=\/wp\/v2\/posts\/1532\/revisions"}],"predecessor-version":[{"id":1535,"href":"http:\/\/www.haute-normandie-decroissance.fr\/index.php?rest_route=\/wp\/v2\/posts\/1532\/revisions\/1535"}],"wp:attachment":[{"href":"http:\/\/www.haute-normandie-decroissance.fr\/index.php?rest_route=%2Fwp%2Fv2%2Fmedia&parent=1532"}],"wp:term":[{"taxonomy":"category","embeddable":true,"href":"http:\/\/www.haute-normandie-decroissance.fr\/index.php?rest_route=%2Fwp%2Fv2%2Fcategories&post=1532"},{"taxonomy":"post_tag","embeddable":true,"href":"http:\/\/www.haute-normandie-decroissance.fr\/index.php?rest_route=%2Fwp%2Fv2%2Ftags&post=1532"}],"curies":[{"name":"wp","href":"https:\/\/api.w.org\/{rel}","templated":true}]}}